{"id":40,"date":"2018-05-17T11:20:37","date_gmt":"2018-05-17T09:20:37","guid":{"rendered":"https:\/\/flagfootballdeutschland.de\/wordpress\/?p=40"},"modified":"2025-11-28T17:08:04","modified_gmt":"2025-11-28T16:08:04","slug":"team-deutschland-waechst-weiter","status":"publish","type":"post","link":"https:\/\/flagfootballdeutschland.de\/wordpress\/2018\/05\/17\/team-deutschland-waechst-weiter\/","title":{"rendered":"Team Deutschland w\u00e4chst weiter!"},"content":{"rendered":"<p><span>Die deutschen Flag Football Nationalteams bekommen weitere Unterst\u00fctzung. Seit 01.05. verst\u00e4rkt Barbara Puhl den Trainerstab der deutschen Damen- und Herren-Teams als Chef de mission. Neben administrativen Aufgaben \u00fcbernimmt sie gro\u00dfe Teile der offiziellen Korrespondenz, repr\u00e4sentative Aufgaben bei Turnieren und steht auch intern als Kontaktperson zur Verf\u00fcgung.<\/p>\n<p>Barbara Puhl fing bereits 2012 bei den <a href=\"http:\/\/augsburg-rooks.de\">Augsburger Rooks<\/a> mit Flag Football an. Von dort f\u00fchrte ihr Weg \u00fcber die <a href=\"https:\/\/munich-spatzen.jimdo.com\/\">Munich Spatzen<\/a> zu den <a href=\"http:\/\/www.nuernberg-rams.de\/flag-sen\/flag-sen-roster\/\">N\u00fcrnberg Rams<\/a>, wo sie seit 2016 als Spielerin und inzwischen auch Trainingskoordinatorin t\u00e4tig ist. \u201eFlag Football und die darum entstandene Community begeistert mich schon seit Jahren. Umso sch\u00f6ner, dass ich diese Leidenschaft nun auch abseits des Feldes umsetzen kann. Ich kann es kaum erwarten, die neuen Aufgaben in Angriff zu nehmen\u201c kommentierte Barbara Puhl ihre Benennung.<\/span><\/p>\n","protected":false},"excerpt":{"rendered":"<p>Die deutschen Flag Football Nationalteams bekommen weitere Unterst\u00fctzung. Seit 01.05. verst\u00e4rkt Barbara Puhl den Trainerstab der deutschen Damen- und Herren-Teams als Chef de mission. Neben administrativen Aufgaben \u00fcbernimmt sie gro\u00dfe Teile der offiziellen Korrespondenz, repr\u00e4sentative Aufgaben bei Turnieren und steht auch intern als Kontaktperson zur Verf\u00fcgung. Barbara Puhl fing bereits 2012 bei den Augsburger Rooks&#8230;<\/p>\n","protected":false},"author":3,"featured_media":0,"comment_status":"closed","ping_status":"closed","sticky":false,"template":"","format":"standard","meta":{"footnotes":""},"categories":[1],"tags":[],"class_list":["post-40","post","type-post","status-publish","format-standard","hentry","category-allgemein"],"_links":{"self":[{"href":"https:\/\/flagfootballdeutschland.de\/wordpress\/wp-json\/wp\/v2\/posts\/40","targetHints":{"allow":["GET"]}}],"collection":[{"href":"https:\/\/flagfootballdeutschland.de\/wordpress\/wp-json\/wp\/v2\/posts"}],"about":[{"href":"https:\/\/flagfootballdeutschland.de\/wordpress\/wp-json\/wp\/v2\/types\/post"}],"author":[{"embeddable":true,"href":"https:\/\/flagfootballdeutschland.de\/wordpress\/wp-json\/wp\/v2\/users\/3"}],"replies":[{"embeddable":true,"href":"https:\/\/flagfootballdeutschland.de\/wordpress\/wp-json\/wp\/v2\/comments?post=40"}],"version-history":[{"count":1,"href":"https:\/\/flagfootballdeutschland.de\/wordpress\/wp-json\/wp\/v2\/posts\/40\/revisions"}],"predecessor-version":[{"id":41,"href":"https:\/\/flagfootballdeutschland.de\/wordpress\/wp-json\/wp\/v2\/posts\/40\/revisions\/41"}],"wp:attachment":[{"href":"https:\/\/flagfootballdeutschland.de\/wordpress\/wp-json\/wp\/v2\/media?parent=40"}],"wp:term":[{"taxonomy":"category","embeddable":true,"href":"https:\/\/flagfootballdeutschland.de\/wordpress\/wp-json\/wp\/v2\/categories?post=40"},{"taxonomy":"post_tag","embeddable":true,"href":"https:\/\/flagfootballdeutschland.de\/wordpress\/wp-json\/wp\/v2\/tags?post=40"}],"curies":[{"name":"wp","href":"https:\/\/api.w.org\/{rel}","templated":true}]}}